{"id":1439,"date":"2019-09-24T08:18:02","date_gmt":"2019-09-24T08:18:02","guid":{"rendered":"https:\/\/gc-brilon.de\/?p=1439"},"modified":"2022-06-28T07:32:23","modified_gmt":"2022-06-28T07:32:23","slug":"damentag-mit-simone-und-stefan-schleich","status":"publish","type":"post","link":"https:\/\/gc-brilon.de\/?p=1439","title":{"rendered":"Damentag mit Simone und Stefan Schleich"},"content":{"rendered":"\n<figure class=\"wp-block-image\"><img loading=\"lazy\" decoding=\"async\" width=\"1024\" height=\"683\" src=\"https:\/\/gc-brilon.de\/wp-content\/uploads\/2019\/09\/Damentag-Schleich-1-1024x683.jpg\" alt=\"Damentag mit Stefan und Simone Schleich\" class=\"wp-image-1443\" srcset=\"https:\/\/gc-brilon.de\/wp-content\/uploads\/2019\/09\/Damentag-Schleich-1-1024x683.jpg 1024w, https:\/\/gc-brilon.de\/wp-content\/uploads\/2019\/09\/Damentag-Schleich-1-300x200.jpg 300w, https:\/\/gc-brilon.de\/wp-content\/uploads\/2019\/09\/Damentag-Schleich-1-768x512.jpg 768w\" sizes=\"(max-width: 1024px) 100vw, 1024px\" \/><\/figure>\n\n\n\n<p>Allm\u00e4hlich n\u00e4hert sich das Angebot der Damentage dem Ende der Saison. Der Einladung von Stefan und Simone Schleich, die den Damen den traditionellen Golftag am Donnerstag versch\u00f6nen wollten, folgten noch viele Spielerinnen. Das Wetter war verlockend, der Platz in einem tollen Zustand, aber die Ergebnisse waren nach den vielen Unterspielungen im Laufe der Saison nicht mehr so \u00fcberragend gut. Da bot die kleine Ausstellung  der sch\u00f6nen Dinge und Accessoires aus dem \u201ei-T\u00fcpfelchen\u201c im Drogeriemarkt \u201eIhr Platz\u201c den Damen einen sch\u00f6nen Ausgleich f\u00fcr die m\u00e4\u00dfigen Spielergebnisse und gab zugleich neue Impulse f\u00fcr Dekorationen im kommenden Herbst.<\/p>\n\n\n\n<p class=\"has-text-align-left\">Simone  und  Stefan  Schleich  erfreuten  die Siegerinnen  mit eben solchen Preisen:<br>Klasse A:   Rosi   Baumann   vor   Katja   Stremme   und   Friederike Driller<br>Klasse B: Ilona Br\u00e4uer vor Renate Sauerwald und Hildegard Kirst<br>Klasse C:  Ursula   Winterberg   vor   Birgit   Kesper und Beatrix St\u00fcting<br>  <br>Die Sonderpreise Nearest und Longest sicherte sich Rosi Baumann.<br>Ein leckerer Zwiebelkuchen und frischer Wein rundeten den Tag ab.<\/p>\n\n\n\n<p>Herzlichen Dank an Simone und Stefan Schleich! <\/p>\n","protected":false},"excerpt":{"rendered":"<p>Allm\u00e4hlich n\u00e4hert sich das Angebot der Damentage dem Ende der Saison. Der Einladung von Stefan und Simone Schleich, die den Damen den traditionellen Golftag am Donnerstag versch\u00f6nen wollten, folgten noch viele Spielerinnen. Das Wetter war verlockend, der Platz in einem tollen Zustand, aber die Ergebnisse waren nach den vielen Unterspielungen im Laufe der Saison nicht [&hellip;]<\/p>\n","protected":false},"author":4,"featured_media":0,"comment_status":"open","ping_status":"closed","sticky":false,"template":"","format":"standard","meta":{"footnotes":"","_links_to":"","_links_to_target":""},"categories":[12],"tags":[],"_links":{"self":[{"href":"https:\/\/gc-brilon.de\/index.php?rest_route=\/wp\/v2\/posts\/1439"}],"collection":[{"href":"https:\/\/gc-brilon.de\/index.php?rest_route=\/wp\/v2\/posts"}],"about":[{"href":"https:\/\/gc-brilon.de\/index.php?rest_route=\/wp\/v2\/types\/post"}],"author":[{"embeddable":true,"href":"https:\/\/gc-brilon.de\/index.php?rest_route=\/wp\/v2\/users\/4"}],"replies":[{"embeddable":true,"href":"https:\/\/gc-brilon.de\/index.php?rest_route=%2Fwp%2Fv2%2Fcomments&post=1439"}],"version-history":[{"count":4,"href":"https:\/\/gc-brilon.de\/index.php?rest_route=\/wp\/v2\/posts\/1439\/revisions"}],"predecessor-version":[{"id":3932,"href":"https:\/\/gc-brilon.de\/index.php?rest_route=\/wp\/v2\/posts\/1439\/revisions\/3932"}],"wp:attachment":[{"href":"https:\/\/gc-brilon.de\/index.php?rest_route=%2Fwp%2Fv2%2Fmedia&parent=1439"}],"wp:term":[{"taxonomy":"category","embeddable":true,"href":"https:\/\/gc-brilon.de\/index.php?rest_route=%2Fwp%2Fv2%2Fcategories&post=1439"},{"taxonomy":"post_tag","embeddable":true,"href":"https:\/\/gc-brilon.de\/index.php?rest_route=%2Fwp%2Fv2%2Ftags&post=1439"}],"curies":[{"name":"wp","href":"https:\/\/api.w.org\/{rel}","templated":true}]}}