{"id":1581,"date":"2019-10-23T17:21:30","date_gmt":"2019-10-23T17:21:30","guid":{"rendered":"https:\/\/gc-brilon.de\/?p=1581"},"modified":"2022-06-28T07:33:05","modified_gmt":"2022-06-28T07:33:05","slug":"saison-abschluss","status":"publish","type":"post","link":"https:\/\/gc-brilon.de\/?p=1581","title":{"rendered":"Saison Abschluss"},"content":{"rendered":"<p>Unser 9 Loch Platz wurde kurzfristig zu einem 18 Loch Platz umgewandelt. Ulf Herbrandt hatte den Plan ausgearbeitet und die Bahnen trickig angeordnet. \u00dcber Hecken und Wege f\u00fchrten die Bahnen und einige endeten sogar im Bunker. So konnte der Platz v\u00f6llig neu erlebt werden. Das machte allen Teilnehmern gro\u00dfen Spa\u00df und das Herbstwetter hielt trocken durch, bis alle Spieler im Clubhaus angekommen waren.<\/p>\n<p>Am Ende wurden per Z\u00e4hlspiel die Ergebnisse ermittelt.<\/p>\n<p>Wie fr\u00fcher zum Ende der Saison bot Mary ein herzhaftes Gr\u00fcnkohlgericht an, was allen gut schmeckte und verbrauchte Kr\u00e4fte wieder zur\u00fcckbrachte.<\/p>\n<p>Der Sommer ist vorbei, die Turniere sind gelaufen und damit endete auch das Ehrenamt f\u00fcr Rolf K\u00f6rner als Sprecher der Seniorenrunde und Tom Schwarzer, der viele Jahre als Menscaptain Einsatz gezeigt hat. Pr\u00e4sident Ulrich Hilkenbach bedankte sich im Namen aller f\u00fcr den geleisteten Einsatz im Golfclub und \u00fcberreicht ihnen ein Dankesch\u00f6n f\u00fcr ihre M\u00fchen.<\/p>\n<p>Klaus Driller hatte die meisten Turniere gespielt und erhielt ebenfalls eine \u00dcberraschung als Anerkennung.<\/p>\n<p>Auch die Tagessieger wurden belohnt:<\/p>\n<p>Klasse A: Gerd Ebben vor Robin Strenger und Martin Fritsch<\/p>\n<p>Klasse B: Roland Bunse vor Robert Vorderw\u00fclbecke und Katja Stremme<\/p>\n<p>Den Bruttosieg sicherten sich der Pr\u00e4sident Ulrich Hilkenbach und seine Frau Bettina.<\/p>\n<p>Mit einem herzlichen Applaus f\u00fcr alle Spieler und Sieger endete die Laudatio.<\/p>\n\n\n<figure class=\"wp-block-gallery has-nested-images columns-default is-cropped wp-block-gallery-1 is-layout-flex wp-block-gallery-is-layout-flex\">\n<figure class=\"wp-block-image size-large\"><a href=\"https:\/\/gc-brilon.de\/wp-content\/uploads\/2019\/10\/Tom-Abschluss.jpg\"><img loading=\"lazy\" decoding=\"async\" width=\"1024\" height=\"683\" data-id=\"1583\" src=\"https:\/\/gc-brilon.de\/wp-content\/uploads\/2019\/10\/Tom-Abschluss-1024x683.jpg\" alt=\"\" class=\"wp-image-1583\" srcset=\"https:\/\/gc-brilon.de\/wp-content\/uploads\/2019\/10\/Tom-Abschluss-1024x683.jpg 1024w, https:\/\/gc-brilon.de\/wp-content\/uploads\/2019\/10\/Tom-Abschluss-300x200.jpg 300w, https:\/\/gc-brilon.de\/wp-content\/uploads\/2019\/10\/Tom-Abschluss-768x512.jpg 768w\" sizes=\"(max-width: 1024px) 100vw, 1024px\" \/><\/a><figcaption>Dank an Tom Schwarzer<\/figcaption><\/figure>\n\n\n\n<figure class=\"wp-block-image size-large\"><a href=\"https:\/\/gc-brilon.de\/wp-content\/uploads\/2019\/10\/Abschluss-Uli-und-Bettina.jpg\"><img loading=\"lazy\" decoding=\"async\" width=\"1024\" height=\"682\" data-id=\"1585\" src=\"https:\/\/gc-brilon.de\/wp-content\/uploads\/2019\/10\/Abschluss-Uli-und-Bettina-1024x682.jpg\" alt=\"\" class=\"wp-image-1585\" srcset=\"https:\/\/gc-brilon.de\/wp-content\/uploads\/2019\/10\/Abschluss-Uli-und-Bettina-1024x682.jpg 1024w, https:\/\/gc-brilon.de\/wp-content\/uploads\/2019\/10\/Abschluss-Uli-und-Bettina-300x200.jpg 300w, https:\/\/gc-brilon.de\/wp-content\/uploads\/2019\/10\/Abschluss-Uli-und-Bettina-768x512.jpg 768w\" sizes=\"(max-width: 1024px) 100vw, 1024px\" \/><\/a><figcaption>Das Siegerpaar<\/figcaption><\/figure>\n\n\n\n<figure class=\"wp-block-image size-large\"><a href=\"https:\/\/gc-brilon.de\/wp-content\/uploads\/2019\/10\/Rolf-Abschluss-e1571850285305.jpg\"><img loading=\"lazy\" decoding=\"async\" width=\"1024\" height=\"683\" data-id=\"1582\" src=\"https:\/\/gc-brilon.de\/wp-content\/uploads\/2019\/10\/Rolf-Abschluss-e1571850285305-1024x683.jpg\" alt=\"\" class=\"wp-image-1582\" srcset=\"https:\/\/gc-brilon.de\/wp-content\/uploads\/2019\/10\/Rolf-Abschluss-e1571850285305-1024x683.jpg 1024w, https:\/\/gc-brilon.de\/wp-content\/uploads\/2019\/10\/Rolf-Abschluss-e1571850285305-300x200.jpg 300w, https:\/\/gc-brilon.de\/wp-content\/uploads\/2019\/10\/Rolf-Abschluss-e1571850285305-768x512.jpg 768w, https:\/\/gc-brilon.de\/wp-content\/uploads\/2019\/10\/Rolf-Abschluss-e1571850285305.jpg 1500w\" sizes=\"(max-width: 1024px) 100vw, 1024px\" \/><\/a><figcaption>Dank an Rolf K\u00f6rner<\/figcaption><\/figure>\n<\/figure>\n\n\n<p>Alle hoffen auf eine ebenso gute Saison 2020!!<\/p>\n\n\n<p><\/p>\n\n\n\n<p><\/p>\n","protected":false},"excerpt":{"rendered":"<p>Unser 9 Loch Platz wurde kurzfristig zu einem 18 Loch Platz umgewandelt. Ulf Herbrandt hatte den Plan ausgearbeitet und die Bahnen trickig angeordnet. \u00dcber Hecken und Wege f\u00fchrten die Bahnen und einige endeten sogar im Bunker. So konnte der Platz v\u00f6llig neu erlebt werden. Das machte allen Teilnehmern gro\u00dfen Spa\u00df und das Herbstwetter hielt trocken [&hellip;]<\/p>\n","protected":false},"author":4,"featured_media":1584,"comment_status":"open","ping_status":"closed","sticky":false,"template":"","format":"standard","meta":{"footnotes":"","_links_to":"","_links_to_target":""},"categories":[12],"tags":[],"_links":{"self":[{"href":"https:\/\/gc-brilon.de\/index.php?rest_route=\/wp\/v2\/posts\/1581"}],"collection":[{"href":"https:\/\/gc-brilon.de\/index.php?rest_route=\/wp\/v2\/posts"}],"about":[{"href":"https:\/\/gc-brilon.de\/index.php?rest_route=\/wp\/v2\/types\/post"}],"author":[{"embeddable":true,"href":"https:\/\/gc-brilon.de\/index.php?rest_route=\/wp\/v2\/users\/4"}],"replies":[{"embeddable":true,"href":"https:\/\/gc-brilon.de\/index.php?rest_route=%2Fwp%2Fv2%2Fcomments&post=1581"}],"version-history":[{"count":9,"href":"https:\/\/gc-brilon.de\/index.php?rest_route=\/wp\/v2\/posts\/1581\/revisions"}],"predecessor-version":[{"id":3934,"href":"https:\/\/gc-brilon.de\/index.php?rest_route=\/wp\/v2\/posts\/1581\/revisions\/3934"}],"wp:featuredmedia":[{"embeddable":true,"href":"https:\/\/gc-brilon.de\/index.php?rest_route=\/wp\/v2\/media\/1584"}],"wp:attachment":[{"href":"https:\/\/gc-brilon.de\/index.php?rest_route=%2Fwp%2Fv2%2Fmedia&parent=1581"}],"wp:term":[{"taxonomy":"category","embeddable":true,"href":"https:\/\/gc-brilon.de\/index.php?rest_route=%2Fwp%2Fv2%2Fcategories&post=1581"},{"taxonomy":"post_tag","embeddable":true,"href":"https:\/\/gc-brilon.de\/index.php?rest_route=%2Fwp%2Fv2%2Ftags&post=1581"}],"curies":[{"name":"wp","href":"https:\/\/api.w.org\/{rel}","templated":true}]}}