{"id":1873,"date":"2020-01-22T20:31:24","date_gmt":"2020-01-22T20:31:24","guid":{"rendered":"https:\/\/gc-brilon.de\/?p=1873"},"modified":"2022-06-28T07:41:18","modified_gmt":"2022-06-28T07:41:18","slug":"winterwanderung","status":"publish","type":"post","link":"https:\/\/gc-brilon.de\/?p=1873","title":{"rendered":"Winterwanderung"},"content":{"rendered":"\n<p>Gerne w\u00e4re ich dabei gewesen&#8230;.<\/p>\n\n\n\n<p>Ladiescaptain Rosi Baumann hatte eine Wanderung zur Jagdh\u00fctte ihrer Familie am Hohen Eimberg angeregt.<\/p>\n\n\n\n<p>Fr\u00fchlingshafte Temperaturen versprachen einen sch\u00f6nen Tag und viele Mitglieder des GC Brilon folgten der Einladung. Eine deftige Suppe und und leckere H\u00e4ppchen vom Freund der Familie, S\u00f6ren Anders zubereitet, st\u00e4rkten die Wanderer und gute Tropfen trugen zur gel\u00f6sten Stimmung bei.<\/p>\n\n\n\n<p>Die Damen f\u00fchlten sich in der gem\u00fctlichen H\u00fctte am Kamin wohl, w\u00e4hrend die Herren die &#8222;Ruhe&#8220; am Feuer drau\u00dfen genossen. <\/p>\n\n\n\n<p>Bevor die D\u00e4mmerung einsetzte hie\u00df es: Zur\u00fcckwandern zum Treffpunkt! Alle waren sich einig:<\/p>\n\n\n\n<figure class=\"wp-block-gallery has-nested-images columns-3 is-cropped wp-block-gallery-1 is-layout-flex wp-block-gallery-is-layout-flex\">\n<figure class=\"wp-block-image\"><img loading=\"lazy\" decoding=\"async\" width=\"1024\" height=\"576\" data-id=\"1880\" src=\"https:\/\/gc-brilon.de\/wp-content\/uploads\/2020\/01\/Wandern7-1024x576.jpg\" alt=\"\" class=\"wp-image-1880\" srcset=\"https:\/\/gc-brilon.de\/wp-content\/uploads\/2020\/01\/Wandern7-1024x576.jpg 1024w, https:\/\/gc-brilon.de\/wp-content\/uploads\/2020\/01\/Wandern7-300x169.jpg 300w, https:\/\/gc-brilon.de\/wp-content\/uploads\/2020\/01\/Wandern7-768x432.jpg 768w, https:\/\/gc-brilon.de\/wp-content\/uploads\/2020\/01\/Wandern7.jpg 1328w\" sizes=\"(max-width: 1024px) 100vw, 1024px\" \/><figcaption>Damenrunde<\/figcaption><\/figure>\n\n\n\n<figure class=\"wp-block-image\"><img loading=\"lazy\" decoding=\"async\" width=\"1024\" height=\"576\" data-id=\"1878\" src=\"https:\/\/gc-brilon.de\/wp-content\/uploads\/2020\/01\/Wandern2-1024x576.jpg\" alt=\"\" class=\"wp-image-1878\" srcset=\"https:\/\/gc-brilon.de\/wp-content\/uploads\/2020\/01\/Wandern2-1024x576.jpg 1024w, https:\/\/gc-brilon.de\/wp-content\/uploads\/2020\/01\/Wandern2-300x169.jpg 300w, https:\/\/gc-brilon.de\/wp-content\/uploads\/2020\/01\/Wandern2-768x432.jpg 768w, https:\/\/gc-brilon.de\/wp-content\/uploads\/2020\/01\/Wandern2.jpg 1328w\" sizes=\"(max-width: 1024px) 100vw, 1024px\" \/><figcaption>K\u00f6stlichkeiten<\/figcaption><\/figure>\n\n\n\n<figure class=\"wp-block-image\"><img loading=\"lazy\" decoding=\"async\" width=\"480\" height=\"640\" data-id=\"1879\" src=\"https:\/\/gc-brilon.de\/wp-content\/uploads\/2020\/01\/Wandern4-rotated.jpg\" alt=\"\" class=\"wp-image-1879\" srcset=\"https:\/\/gc-brilon.de\/wp-content\/uploads\/2020\/01\/Wandern4-rotated.jpg 480w, https:\/\/gc-brilon.de\/wp-content\/uploads\/2020\/01\/Wandern4-225x300.jpg 225w\" sizes=\"(max-width: 480px) 100vw, 480px\" \/><figcaption>Am Feuer<\/figcaption><\/figure>\n<\/figure>\n\n\n\n<p>Es war ein toller Nachmittag in der Jagdh\u00fctte am Hohen Eimberg.<\/p>\n","protected":false},"excerpt":{"rendered":"<p>Gerne w\u00e4re ich dabei gewesen&#8230;. Ladiescaptain Rosi Baumann hatte eine Wanderung zur Jagdh\u00fctte ihrer Familie am Hohen Eimberg angeregt. Fr\u00fchlingshafte Temperaturen versprachen einen sch\u00f6nen Tag und viele Mitglieder des GC Brilon folgten der Einladung. Eine deftige Suppe und und leckere H\u00e4ppchen vom Freund der Familie, S\u00f6ren Anders zubereitet, st\u00e4rkten die Wanderer und gute Tropfen trugen [&hellip;]<\/p>\n","protected":false},"author":4,"featured_media":1877,"comment_status":"open","ping_status":"closed","sticky":true,"template":"","format":"standard","meta":{"footnotes":"","_links_to":"","_links_to_target":""},"categories":[12],"tags":[],"_links":{"self":[{"href":"https:\/\/gc-brilon.de\/index.php?rest_route=\/wp\/v2\/posts\/1873"}],"collection":[{"href":"https:\/\/gc-brilon.de\/index.php?rest_route=\/wp\/v2\/posts"}],"about":[{"href":"https:\/\/gc-brilon.de\/index.php?rest_route=\/wp\/v2\/types\/post"}],"author":[{"embeddable":true,"href":"https:\/\/gc-brilon.de\/index.php?rest_route=\/wp\/v2\/users\/4"}],"replies":[{"embeddable":true,"href":"https:\/\/gc-brilon.de\/index.php?rest_route=%2Fwp%2Fv2%2Fcomments&post=1873"}],"version-history":[{"count":9,"href":"https:\/\/gc-brilon.de\/index.php?rest_route=\/wp\/v2\/posts\/1873\/revisions"}],"predecessor-version":[{"id":3945,"href":"https:\/\/gc-brilon.de\/index.php?rest_route=\/wp\/v2\/posts\/1873\/revisions\/3945"}],"wp:featuredmedia":[{"embeddable":true,"href":"https:\/\/gc-brilon.de\/index.php?rest_route=\/wp\/v2\/media\/1877"}],"wp:attachment":[{"href":"https:\/\/gc-brilon.de\/index.php?rest_route=%2Fwp%2Fv2%2Fmedia&parent=1873"}],"wp:term":[{"taxonomy":"category","embeddable":true,"href":"https:\/\/gc-brilon.de\/index.php?rest_route=%2Fwp%2Fv2%2Fcategories&post=1873"},{"taxonomy":"post_tag","embeddable":true,"href":"https:\/\/gc-brilon.de\/index.php?rest_route=%2Fwp%2Fv2%2Ftags&post=1873"}],"curies":[{"name":"wp","href":"https:\/\/api.w.org\/{rel}","templated":true}]}}