{"id":4511,"date":"2023-05-09T14:05:10","date_gmt":"2023-05-09T14:05:10","guid":{"rendered":"https:\/\/gc-brilon.de\/?p=4511"},"modified":"2023-05-09T20:25:28","modified_gmt":"2023-05-09T20:25:28","slug":"fazit-golferlebnistag","status":"publish","type":"post","link":"https:\/\/gc-brilon.de\/?p=4511","title":{"rendered":"Fazit Golferlebnistag"},"content":{"rendered":"\n<p>Trotz ung\u00fcnstiger Wetterprognose kamen bei sonnig-wolkigem Wetter viele junge und Junggebliebene Interessierte zur Driving Range, um sich von Pro Martin Spiekerhoff und einigen engagierten Golfclubmitgliedern in die ersten Schw\u00fcnge einf\u00fchren zu lassen oder einfach bei einer Tasse Kaffee und hausgemachtem Kuchen ein paar nette Gespr\u00e4che \u00fcber diesen begeisternden Sport zu f\u00fchren.<\/p>\n\n\n\n<p>Es konnte eine erste Runde auf dem Kurzplatz gedreht werden, und einige trauten es sich sogar schon zu eine oder zwei Bahnen auf dem \u201cgro\u00dfen\u201c Platz unter Anleitung eines erfahrenen Mitglieds zu spielen.<\/p>\n\n\n\n<p>Sogar zur Platzreife haben sich einige G\u00e4ste entschieden.<\/p>\n\n\n\n<p>Am 6. August findet bereits der n\u00e4chste Golferlebnistag statt, bei dem wieder auf eine ebenso gro\u00dfe Resonanz gehofft wird.<\/p>\n\n\n\n<p>Einen herzlichen Dank nochmal auf diesem Wege an die vielen Helfer.<\/p>\n\n\n\n<figure class=\"wp-block-gallery has-nested-images columns-default is-cropped wp-block-gallery-1 is-layout-flex wp-block-gallery-is-layout-flex\">\n<figure class=\"wp-block-image size-large\"><img loading=\"lazy\" decoding=\"async\" width=\"800\" height=\"534\" data-id=\"4521\" src=\"https:\/\/gc-brilon.de\/wp-content\/uploads\/2023\/05\/Golferlebnistag-Diana.jpg\" alt=\"\" class=\"wp-image-4521\" srcset=\"https:\/\/gc-brilon.de\/wp-content\/uploads\/2023\/05\/Golferlebnistag-Diana.jpg 800w, https:\/\/gc-brilon.de\/wp-content\/uploads\/2023\/05\/Golferlebnistag-Diana-300x200.jpg 300w, https:\/\/gc-brilon.de\/wp-content\/uploads\/2023\/05\/Golferlebnistag-Diana-768x513.jpg 768w\" sizes=\"(max-width: 800px) 100vw, 800px\" \/><\/figure>\n<\/figure>\n","protected":false},"excerpt":{"rendered":"<p>Trotz ung\u00fcnstiger Wetterprognose kamen bei sonnig-wolkigem Wetter viele junge und Junggebliebene Interessierte zur Driving Range, um sich von Pro Martin Spiekerhoff und einigen engagierten Golfclubmitgliedern in die ersten Schw\u00fcnge einf\u00fchren zu lassen oder einfach bei einer Tasse Kaffee und hausgemachtem Kuchen ein paar nette Gespr\u00e4che \u00fcber diesen begeisternden Sport zu f\u00fchren. Es konnte eine erste [&hellip;]<\/p>\n","protected":false},"author":10,"featured_media":4523,"comment_status":"open","ping_status":"closed","sticky":false,"template":"","format":"standard","meta":{"footnotes":"","_links_to":"","_links_to_target":""},"categories":[7],"tags":[],"_links":{"self":[{"href":"https:\/\/gc-brilon.de\/index.php?rest_route=\/wp\/v2\/posts\/4511"}],"collection":[{"href":"https:\/\/gc-brilon.de\/index.php?rest_route=\/wp\/v2\/posts"}],"about":[{"href":"https:\/\/gc-brilon.de\/index.php?rest_route=\/wp\/v2\/types\/post"}],"author":[{"embeddable":true,"href":"https:\/\/gc-brilon.de\/index.php?rest_route=\/wp\/v2\/users\/10"}],"replies":[{"embeddable":true,"href":"https:\/\/gc-brilon.de\/index.php?rest_route=%2Fwp%2Fv2%2Fcomments&post=4511"}],"version-history":[{"count":3,"href":"https:\/\/gc-brilon.de\/index.php?rest_route=\/wp\/v2\/posts\/4511\/revisions"}],"predecessor-version":[{"id":4524,"href":"https:\/\/gc-brilon.de\/index.php?rest_route=\/wp\/v2\/posts\/4511\/revisions\/4524"}],"wp:featuredmedia":[{"embeddable":true,"href":"https:\/\/gc-brilon.de\/index.php?rest_route=\/wp\/v2\/media\/4523"}],"wp:attachment":[{"href":"https:\/\/gc-brilon.de\/index.php?rest_route=%2Fwp%2Fv2%2Fmedia&parent=4511"}],"wp:term":[{"taxonomy":"category","embeddable":true,"href":"https:\/\/gc-brilon.de\/index.php?rest_route=%2Fwp%2Fv2%2Fcategories&post=4511"},{"taxonomy":"post_tag","embeddable":true,"href":"https:\/\/gc-brilon.de\/index.php?rest_route=%2Fwp%2Fv2%2Ftags&post=4511"}],"curies":[{"name":"wp","href":"https:\/\/api.w.org\/{rel}","templated":true}]}}