{"id":959,"date":"2019-08-15T17:38:09","date_gmt":"2019-08-15T17:38:09","guid":{"rendered":"http:\/\/golf.m-bylebyl.de\/?p=959"},"modified":"2022-06-28T07:26:55","modified_gmt":"2022-06-28T07:26:55","slug":"hotel-am-kurpark","status":"publish","type":"post","link":"https:\/\/gc-brilon.de\/?p=959","title":{"rendered":"Hotel am Kurpark"},"content":{"rendered":"\n<p><strong>Werbung f\u00fcr unseren Club im Hotel am Kurpark in Brilon<\/strong><\/p>\n\n\n\n<p>Hoteldirektor J\u00f6rg M\u00fcller, der mit unserem Marketing Chef Dieter Gronau eine gemeinsame Kooperation hat, lie\u00df es sich nicht nehmen, unseren Club und unseren Lieblingssport intensiv bei seinen G\u00e4sten zu bewerben. Zusammen mit Pro Frank Nolte richtete er im Eingangsbereich des Hotels eine einladende, ansprechende \u201eAufforderung\u201c zum Golfspiel ein, dem eigentlich niemand widerstehen kann.<\/p>\n\n\n\n<p>Im September m\u00f6chte Hoteldirektor J\u00f6rg M\u00fcller zusammen mit unserem Club ein Turnier bei uns ausrichten. Der Inhaber des Hotels &#8211; Herr Volkan G\u00fcnes, Herr M\u00fcller und sein Team freuen sich sehr darauf.<\/p>\n\n\n\n<p>Wir freuen uns \u00fcber jeden Gast aus dem&nbsp;<strong>Hotel am Kurpark<\/strong>&nbsp;in Brilon!<\/p>\n\n\n\n<figure class=\"wp-block-image\"><a href=\"https:\/\/www.golfclub-brilon.de\/cache\/1\/d1b68e65638457f3e14a07f1497ce25e.jpg\" target=\"_blank\" rel=\"noreferrer noopener\"><img decoding=\"async\" src=\"https:\/\/www.golfclub-brilon.de\/cache\/7\/37dc0073939675641e02ae566f0a7443.jpg\" alt=\"\"\/><\/a><\/figure>\n\n\n\n<figure class=\"wp-block-image\"><a href=\"https:\/\/www.golfclub-brilon.de\/cache\/e\/fef4e259b72aff635efdd7aadf0ac02a.jpg\" target=\"_blank\" rel=\"noreferrer noopener\"><img decoding=\"async\" src=\"https:\/\/www.golfclub-brilon.de\/cache\/a\/fae7fdc57870163863b3334b3166712e.jpg\" alt=\"\"\/><\/a><\/figure>\n","protected":false},"excerpt":{"rendered":"<p>Werbung f\u00fcr unseren Club im Hotel am Kurpark in Brilon Hoteldirektor J\u00f6rg M\u00fcller, der mit unserem Marketing Chef Dieter Gronau eine gemeinsame Kooperation hat, lie\u00df es sich nicht nehmen, unseren Club und unseren Lieblingssport intensiv bei seinen G\u00e4sten zu bewerben. Zusammen mit Pro Frank Nolte richtete er im Eingangsbereich des Hotels eine einladende, ansprechende \u201eAufforderung\u201c [&hellip;]<\/p>\n","protected":false},"author":3,"featured_media":0,"comment_status":"open","ping_status":"closed","sticky":false,"template":"","format":"standard","meta":{"footnotes":"","_links_to":"","_links_to_target":""},"categories":[12],"tags":[],"_links":{"self":[{"href":"https:\/\/gc-brilon.de\/index.php?rest_route=\/wp\/v2\/posts\/959"}],"collection":[{"href":"https:\/\/gc-brilon.de\/index.php?rest_route=\/wp\/v2\/posts"}],"about":[{"href":"https:\/\/gc-brilon.de\/index.php?rest_route=\/wp\/v2\/types\/post"}],"author":[{"embeddable":true,"href":"https:\/\/gc-brilon.de\/index.php?rest_route=\/wp\/v2\/users\/3"}],"replies":[{"embeddable":true,"href":"https:\/\/gc-brilon.de\/index.php?rest_route=%2Fwp%2Fv2%2Fcomments&post=959"}],"version-history":[{"count":2,"href":"https:\/\/gc-brilon.de\/index.php?rest_route=\/wp\/v2\/posts\/959\/revisions"}],"predecessor-version":[{"id":3928,"href":"https:\/\/gc-brilon.de\/index.php?rest_route=\/wp\/v2\/posts\/959\/revisions\/3928"}],"wp:attachment":[{"href":"https:\/\/gc-brilon.de\/index.php?rest_route=%2Fwp%2Fv2%2Fmedia&parent=959"}],"wp:term":[{"taxonomy":"category","embeddable":true,"href":"https:\/\/gc-brilon.de\/index.php?rest_route=%2Fwp%2Fv2%2Fcategories&post=959"},{"taxonomy":"post_tag","embeddable":true,"href":"https:\/\/gc-brilon.de\/index.php?rest_route=%2Fwp%2Fv2%2Ftags&post=959"}],"curies":[{"name":"wp","href":"https:\/\/api.w.org\/{rel}","templated":true}]}}